{"id":925,"date":"2015-08-24T13:38:54","date_gmt":"2015-08-24T13:38:54","guid":{"rendered":"http:\/\/gestaolegalnaadvocacia.com.br\/site\/?p=925"},"modified":"2015-08-24T13:38:54","modified_gmt":"2015-08-24T13:38:54","slug":"valores-regem-as-nossas-decisoes","status":"publish","type":"post","link":"https:\/\/gestaolegalnaadvocacia.com.br\/site\/valores-regem-as-nossas-decisoes\/","title":{"rendered":"VALORES REGEM AS NOSSAS DECIS\u00d5ES"},"content":{"rendered":"<p>Desde que nascemos somos dotados de direitos e obriga\u00e7\u00f5es pelo simples fato de estarmos vivos e isso envolve garantias asseguradas para que possamos ter um m\u00ednimo de dignidade na vida.<\/p>\n<p>No entanto, como agentes de direitos, tamb\u00e9m o somos de deveres, pois o respeito com outro \u00e9 fundamental em qualquer momento de nossa exist\u00eancia.<\/p>\n<p>Acontece, que antes de olharmos para outro devemos nos voltar para n\u00f3s a fim de descobrirmos o que nos faz feliz? O que nos motiva? O que determinou a nossa escolha pelo Direito e n\u00e3o por outra forma\u00e7\u00e3o? O que definir\u00e1 se seremos Advogado? Professor? Juiz? Promotor?<\/p>\n<p>Nesse momento, em que somos chamados a tomar as decis\u00f5es que norteiam nossas vidas, elas certamente ser\u00e3o baseadas pelos nossos valores.<\/p>\n<p>Mas o que s\u00e3o valores? E de que modo eles influenciam a nossa vida?<\/p>\n<p>Valores, dentre as in\u00fameras defini\u00e7\u00f5es que existem na religi\u00e3o, na filosofia, na sociologia, podemos afirmar que s\u00e3o o conjunto de caracter\u00edsticas de uma pessoa que determinam a forma como ela ir\u00e1 se comportar e interagir com o meio social.<\/p>\n<p>Sua import\u00e2ncia est\u00e1 no fato de que ao constitu\u00edrem tamb\u00e9m um conjunto de regras morais que norteiam as rela\u00e7\u00f5es humanas, os nossos valores influenciar\u00e3o diretamente em cada decis\u00e3o da nossa vida.<\/p>\n<p>Desse modo, \u00e9 fundamental conhecermos cada um dos valores que definem cada comportamento nosso, pois s\u00f3 assim teremos a consci\u00eancia no agir.<\/p>\n<p>Por exemplo, um pai que tem o amor pela sua fam\u00edlia como um grande valor para ele e toma a decis\u00e3o de trabalhar em prol dessa fam\u00edlia para proporcionar uma vida confort\u00e1vel, deve tomar muito cuidado com essa decis\u00e3o de trabalhar demasiadamente, pois pode acontecer desse trabalho excessivo afastar esse pai do lar, dos filhos, da esposa e, principalmente, do seu valor que determinou essa decis\u00e3o, tornando-o negativo para o objetivo proposto.<\/p>\n<p>Por isso, \u00e9 sempre muito importante conhecermos o que queremos e o que est\u00e1 nos movendo a tomar determinada dire\u00e7\u00e3o.<\/p>\n<p>Outro exemplo, \u00e9 o profissional que possui o valor da seguran\u00e7a financeira muito alto e que insiste em ser advogado, mas n\u00e3o consegue entender o porqu\u00ea dele todo fim do m\u00eas ficar angustiado, desanimado e com medo.<\/p>\n<p>Entender que este valor rege as decis\u00f5es desse advogado pode lev\u00e1-lo a tomar uma atitude para resolver o problema: largar a advocacia e se dedicar ao concurso p\u00fablico ou se organizar financeiramente para ter um fixo a receber por m\u00eas.<\/p>\n<p>Vejamos que esse Advogado quanto mais inconsciente desse valor, mais insatisfeito ficar\u00e1 no exerc\u00edcio de sua profiss\u00e3o, levando-o a conviver com a ang\u00fastia e o medo sem saber a sua origem, impedindo-o de tomar a decis\u00e3o acertada para resolver o problema.<br \/>\nA grande verdade \u00e9 que todos n\u00f3s precisamos nos mover na dire\u00e7\u00e3o dos nossos sonhos, na dire\u00e7\u00e3o de n\u00f3s mesmos; pois caso contr\u00e1rio, as pessoas nos mover\u00e3o para as delas, j\u00e1 que nada \u00e9 est\u00e1tico nessa vida. Se n\u00e3o remarmos na dire\u00e7\u00e3o de onde queremos ir, conscientes de onde queremos chegar, a mar\u00e9, certamente, nos levar\u00e1 para onde a correnteza se deslocar\u00e1.<\/p>\n<p>Assim, para irmos buscar nossos objetivos, nossos sonhos, precisamos ter consci\u00eancia dos nossos valores que regem cada decis\u00e3o, cada meta.<\/p>\n<p>Se desejamos, enquanto profissionais do direito, sermos advogados de sucesso \u2013 objetivo maior \u2013 certamente \u00e9 porque existe um valor muito forte que rege essa vontade.<\/p>\n<p>Sabedores agora do sonho profissional, como nos movimentamos em sua dire\u00e7\u00e3o? E como chegaremos l\u00e1?<\/p>\n<p>A vida \u00e9 cheia de pequenas decis\u00f5es que v\u00e3o nos impulsionando em passos, alguns pequenos; outros maiores, mas que v\u00e3o nos empurrando em dire\u00e7\u00e3o aos nossos sonhos.<br \/>\nUma decis\u00e3o isolada pode at\u00e9 parecer incoerente, mas o conjunto delas se completam para formar uma \u00fanica ao final do processo.<\/p>\n<p>Muitos s\u00e3o os caminhos que nos deslocam de um ponto A at\u00e9 o ponto B, mas o coaching \u00e9 uma metodologia cientificamente comprovada e eficaz para ajudar a trilhar esse caminho.<\/p>\n<p>O coaching nos d\u00e1 a consci\u00eancia necess\u00e1ria sobre os nossos valores mais encobertos, nos faz entender por que raz\u00e3o tomamos essa decis\u00e3o e n\u00e3o aquela.<br \/>\nNa verdade, o coaching n\u00e3o nos guiar\u00e1 apenas de um ponto A at\u00e9 o ponto B, ele despertar\u00e1 a percep\u00e7\u00e3o, em n\u00f3s, de todos os recursos e todas as ferramentas que dispomos para o trajeto, nos mostrar\u00e1 as qualidades (aptid\u00f5es e habilidades) que temos ou que precisamos desenvolver para nos tornarmos a decis\u00e3o que queremos ser!<\/p>\n<p><a href=\"http:\/\/gestaolegalnaadvocacia.com.br\/site\/category\/categoria-material-educativo\/categoria-artigos\/\"><img loading=\"lazy\" decoding=\"async\" class=\"alignnone size-full wp-image-671\" src=\"http:\/\/gestaolegalnaadvocacia.com.br\/site\/wp-content\/uploads\/2015\/06\/MG_9365.jpeg\" alt=\"_MG_9365\" width=\"214\" height=\"320\" \/><\/a><\/p>\n<h4>Claudia Chaves<\/h4>\n<p class=\"subtitle\">Advogada<\/p>\n<hr class=\"hr_color\" \/>\n<div class=\"desc\">\n<p>\u00c9 Consultora especialista da Hip\u00f3lito &amp; Associados \u2013 Empresa de Consultoria, Assessoria e Estrat\u00e9gia para Escrit\u00f3rios de Advocacia. Assessora Jur\u00eddica de Procurador de Justi\u00e7a do Minist\u00e9rio P\u00fablico do Estado do Maranh\u00e3o. \u00c9 especialista em Processo Civil e Direito Civil pela Universidade Ceuma e em Ci\u00eancias Criminais pela UEMA em conv\u00eanio com a Escola Superior do Minist\u00e9rio P\u00fablico\/ESMP. Possui forma\u00e7\u00e3o em Business &amp; Executive Coaching pelo Instituto Brasileiro de Coaching- IBC\/SP, reconhecido pelo ECA \u2013 European Coaching Association, GCC \u2013 Global Coaching Community, IAC \u2013 Internacional Association of Coaching. \u00c9 Analista Comportamental em Avalia\u00e7\u00e3o 360\u00ba e da Ferramenta Assessment pelo Instituto Brasileiro de Coaching \u2013 IBC\/SP; Leader Coach reconhecido pelo Behavioral Coaching Institute \u2013 BCI. Possui forma\u00e7\u00e3o em Career Coaching pela Sociedade Brasileira de Coaching \u2013 SBC\/SP. Possui v\u00e1rios Cursos Especializados em Gest\u00e3o de Escrit\u00f3rios de Advocacia e Marketing Jur\u00eddico, Capta\u00e7\u00e3o de Clientes na Advocacia e Gest\u00e3o do Tempo e de Neg\u00f3cios na Advocacia pela Escola Superior de Advocacia \u2013 ESA\/MA. \u00c9 Palestrante e membro do Centro de Estudos Constitucionais e Gest\u00e3o P\u00fablica do Estado do Maranh\u00e3o \u2013 CECGP e da Associa\u00e7\u00e3o dos Advogados do Maranh\u00e3o \u2013 AMAD.<\/p>\n<\/div>\n","protected":false},"excerpt":{"rendered":"<p>Desde que nascemos somos dotados de direitos e obriga\u00e7\u00f5es pelo simples fato de estarmos vivos e isso envolve garantias asseguradas para que possamos ter um m\u00ednimo<span class=\"excerpt-hellip\"> [\u2026]<\/span><\/p>\n","protected":false},"author":3,"featured_media":927,"comment_status":"open","ping_status":"open","sticky":false,"template":"","format":"standard","meta":{"_acf_changed":false,"footnotes":""},"categories":[5],"tags":[],"class_list":["post-925","post","type-post","status-publish","format-standard","has-post-thumbnail","hentry","category-categoria-artigos"],"acf":[],"_links":{"self":[{"href":"https:\/\/gestaolegalnaadvocacia.com.br\/site\/wp-json\/wp\/v2\/posts\/925","targetHints":{"allow":["GET"]}}],"collection":[{"href":"https:\/\/gestaolegalnaadvocacia.com.br\/site\/wp-json\/wp\/v2\/posts"}],"about":[{"href":"https:\/\/gestaolegalnaadvocacia.com.br\/site\/wp-json\/wp\/v2\/types\/post"}],"author":[{"embeddable":true,"href":"https:\/\/gestaolegalnaadvocacia.com.br\/site\/wp-json\/wp\/v2\/users\/3"}],"replies":[{"embeddable":true,"href":"https:\/\/gestaolegalnaadvocacia.com.br\/site\/wp-json\/wp\/v2\/comments?post=925"}],"version-history":[{"count":0,"href":"https:\/\/gestaolegalnaadvocacia.com.br\/site\/wp-json\/wp\/v2\/posts\/925\/revisions"}],"wp:featuredmedia":[{"embeddable":true,"href":"https:\/\/gestaolegalnaadvocacia.com.br\/site\/wp-json\/wp\/v2\/media\/927"}],"wp:attachment":[{"href":"https:\/\/gestaolegalnaadvocacia.com.br\/site\/wp-json\/wp\/v2\/media?parent=925"}],"wp:term":[{"taxonomy":"category","embeddable":true,"href":"https:\/\/gestaolegalnaadvocacia.com.br\/site\/wp-json\/wp\/v2\/categories?post=925"},{"taxonomy":"post_tag","embeddable":true,"href":"https:\/\/gestaolegalnaadvocacia.com.br\/site\/wp-json\/wp\/v2\/tags?post=925"}],"curies":[{"name":"wp","href":"https:\/\/api.w.org\/{rel}","templated":true}]}}