{"id":896,"date":"2015-08-16T20:22:24","date_gmt":"2015-08-16T20:22:24","guid":{"rendered":"http:\/\/gestaolegalnaadvocacia.com.br\/site\/?p=896"},"modified":"2020-02-10T19:21:13","modified_gmt":"2020-02-10T19:21:13","slug":"do-direito-ao-resultado-um-caminho-pelo-coaching","status":"publish","type":"post","link":"https:\/\/gestaolegalnaadvocacia.com.br\/site\/do-direito-ao-resultado-um-caminho-pelo-coaching\/","title":{"rendered":"DO DIREITO AO RESULTADO, UM CAMINHO PELO COACHING"},"content":{"rendered":"<p>Em 2014, a Associa\u00e7\u00e3o Brasileira de Recursos Humanos \u2013 ABRH, apontou que 70% dos brasileiros est\u00e3o insatisfeitos com o trabalho que realizam. Os advogados n\u00e3o est\u00e3o distantes dessa realidade, porque muitos profissionais ao sa\u00edrem das faculdades de direito n\u00e3o possuem ideia de como enfrentar\u00e3o o mercado jur\u00eddico e como se tornar\u00e3o profissionais de sucesso.<\/p>\n<p>Nesse mesmo ano, o Site Migalhas, especializado em assuntos jur\u00eddicos publicou estudo feito pelos professores Claudio de Souza Miranda e Marco Aur\u00e9lio Gumieri Val\u00e9rio, da USP, acerca da percep\u00e7\u00e3o dos advogados sobre os seus sal\u00e1rios e 32,9% dos entrevistados declararam estar insatisfeitos com a sua atua\u00e7\u00e3o profissional.<\/p>\n<p>De fato, as oportunidades que s\u00e3o oferecidas v\u00e3o desde advocacia privada at\u00e9 o concurso p\u00fablico, passando pelas consultorias e \u00e1reas educacionais.<\/p>\n<p>No entanto, independente da pluralidade de caminhos que h\u00e1 para o profissional de direito, se ele n\u00e3o tem <em>consci\u00eancia<\/em> no que deseja trabalhar e, principalmente, aonde quer chegar, a frusta\u00e7\u00e3o por n\u00e3o saber qual destino seguir \u00e9 inevit\u00e1vel.<\/p>\n<p>\u00c9 importante que antes de iniciar qualquer caminhada o profissional estabele\u00e7a o <em>foco<\/em> para fazer a carreira acontecer. Pois se assim n\u00e3o o fizer \u00e9 bem prov\u00e1vel que o advogado trabalhe al\u00e9m do expediente, ganhe pouco e ainda seja insatisfeito com sua vida profissional e, consequentemente, pessoal.<\/p>\n<p>\u00c0s vezes, quando estamos dentro do problema, n\u00e3o possu\u00edmos vis\u00e3o que nos permite avaliarmos os pontos necess\u00e1rios para a nossa mudan\u00e7a. \u00c9 nesse momento que o aux\u00edlio de um <strong><em>coach<\/em><\/strong> \u2013 profissional treinado para guiar e acompanhar seu cliente nessa trajet\u00f3ria \u2013 \u00e9 indispens\u00e1vel para equilibrar e ajudar a alcan\u00e7ar as metas e objetivos desejados, a fim de promover um melhor planejamento para o futuro da carreira.<\/p>\n<p>\u00c9 a partir dessa for\u00e7a potencializadora ao caminhar para onde deseja, com a <em>consci\u00eancia<\/em> de onde est\u00e1 e para onde quer ir, conhecendo seus pontos fracos e fortes, que se obt\u00e9m uma melhoria cont\u00ednua para a busca do resultado almejado. Mas como trilhar esse caminho e sair da porcentagem de insatisfeitos profissionalmente?<\/p>\n<p>Antes de qualquer processo com uma bela estrat\u00e9gia de crescimento para obten\u00e7\u00e3o de lucro ou resultado, \u00e9 importante o aumento da <em>autoconsci\u00eancia<\/em>, e para que isso ocorra, \u00e9 necess\u00e1ria a <em>auto-observa\u00e7\u00e3o<\/em> de modo que o profissional descubra o que lhe d\u00e1 prazer para faz\u00ea-lo levantar todos os dias para ir ao trabalho. O que o motiva? Por que raz\u00e3o escolheu essa profiss\u00e3o? O que faz t\u00e3o bem que o torna especial? O que o Direito significa na sua vida? Por que motivo os clientes lhe procuram?<\/p>\n<p>Dessa forma, o profissional come\u00e7a a ter uma lucidez do momento em que se encontra na sua profiss\u00e3o e a entender o porqu\u00ea de se sentir insatisfeito e ansioso.<\/p>\n<p><em>Consciente<\/em> do que o motiva a trabalhar todos os dias, sabedor dos seus valores que regem suas decis\u00f5es, o profissional come\u00e7a a entender a sua miss\u00e3o e a tra\u00e7ar a sua trajet\u00f3ria e, automaticamente, sai da roda dos insatisfeitos para aqueles que desejam mudar a sua hist\u00f3ria e se tornar um profissional de sucesso.<\/p>\n<p>Assim, numa era em que as pessoas est\u00e3o cada vez mais acostumadas a se relacionarem com m\u00e1quinas, adequando-se melhor \u00e0s inova\u00e7\u00f5es tecnol\u00f3gicas do que as suas pr\u00f3prias necessidades enquanto pessoa, \u00e9 preciso o apoio de um <em>coach <\/em>para caminhar junto, tornando-se imprescind\u00edvel para os profissionais que querem estar preparados para atenderem as exig\u00eancias do mercado, terem ao seu lado um profissional disposto a contribuir com sua melhoria pessoal elevando consideravelmente o n\u00edvel de satisfa\u00e7\u00e3o profissional e, consequentemente, gerar mais motiva\u00e7\u00e3o e determina\u00e7\u00e3o para o planejamento e execu\u00e7\u00e3o de sua carreira de modo que ela se torne mais equilibrada e potencializada.<\/p>\n<p><a href=\"http:\/\/gestaolegalnaadvocacia.com.br\/site\/wp-content\/uploads\/2015\/06\/MG_9365.jpeg\"><img loading=\"lazy\" decoding=\"async\" class=\"alignnone size-full wp-image-671\" src=\"http:\/\/gestaolegalnaadvocacia.com.br\/site\/wp-content\/uploads\/2015\/06\/MG_9365.jpeg\" alt=\"_MG_9365\" width=\"214\" height=\"320\" \/><\/a><\/p>\n<h4>Claudia Chaves<\/h4>\n<p class=\"subtitle\">Advogada<\/p>\n<hr class=\"hr_color\" \/>\n<div class=\"desc\">\n<p>\u00c9 Consultora especialista da Hip\u00f3lito &amp; Associados \u2013 Empresa de Consultoria, Assessoria e Estrat\u00e9gia para Escrit\u00f3rios de Advocacia. Assessora Jur\u00eddica de Procurador de Justi\u00e7a do Minist\u00e9rio P\u00fablico do Estado do Maranh\u00e3o. \u00c9 especialista em Processo Civil e Direito Civil pela Universidade Ceuma e em Ci\u00eancias Criminais pela UEMA em conv\u00eanio com a Escola Superior do Minist\u00e9rio P\u00fablico\/ESMP. Possui forma\u00e7\u00e3o em Business &amp; Executive Coaching pelo Instituto Brasileiro de Coaching- IBC\/SP, reconhecido pelo ECA \u2013 European Coaching Association, GCC \u2013 Global Coaching Community, IAC \u2013 Internacional Association of Coaching. \u00c9 Analista Comportamental em Avalia\u00e7\u00e3o 360\u00ba e da Ferramenta Assessment pelo Instituto Brasileiro de Coaching \u2013 IBC\/SP; Leader Coach reconhecido pelo Behavioral Coaching Institute \u2013 BCI. Possui forma\u00e7\u00e3o em Career Coaching pela Sociedade Brasileira de Coaching \u2013 SBC\/SP. Possui v\u00e1rios Cursos Especializados em Gest\u00e3o de Escrit\u00f3rios de Advocacia e Marketing Jur\u00eddico, Capta\u00e7\u00e3o de Clientes na Advocacia e Gest\u00e3o do Tempo e de Neg\u00f3cios na Advocacia pela Escola Superior de Advocacia \u2013 ESA\/MA. \u00c9 Palestrante e membro do Centro de Estudos Constitucionais e Gest\u00e3o P\u00fablica do Estado do Maranh\u00e3o \u2013 CECGP e da Associa\u00e7\u00e3o dos Advogados do Maranh\u00e3o \u2013 AMAD.<\/p>\n<\/div>\n","protected":false},"excerpt":{"rendered":"<p>Em 2014, a Associa\u00e7\u00e3o Brasileira de Recursos Humanos \u2013 ABRH, apontou que 70% dos brasileiros est\u00e3o insatisfeitos com o trabalho que realizam. Os advogados n\u00e3o est\u00e3o<span class=\"excerpt-hellip\"> [\u2026]<\/span><\/p>\n","protected":false},"author":3,"featured_media":898,"comment_status":"open","ping_status":"open","sticky":false,"template":"","format":"standard","meta":{"_acf_changed":false,"footnotes":""},"categories":[5],"tags":[],"class_list":["post-896","post","type-post","status-publish","format-standard","has-post-thumbnail","hentry","category-categoria-artigos"],"acf":[],"_links":{"self":[{"href":"https:\/\/gestaolegalnaadvocacia.com.br\/site\/wp-json\/wp\/v2\/posts\/896","targetHints":{"allow":["GET"]}}],"collection":[{"href":"https:\/\/gestaolegalnaadvocacia.com.br\/site\/wp-json\/wp\/v2\/posts"}],"about":[{"href":"https:\/\/gestaolegalnaadvocacia.com.br\/site\/wp-json\/wp\/v2\/types\/post"}],"author":[{"embeddable":true,"href":"https:\/\/gestaolegalnaadvocacia.com.br\/site\/wp-json\/wp\/v2\/users\/3"}],"replies":[{"embeddable":true,"href":"https:\/\/gestaolegalnaadvocacia.com.br\/site\/wp-json\/wp\/v2\/comments?post=896"}],"version-history":[{"count":0,"href":"https:\/\/gestaolegalnaadvocacia.com.br\/site\/wp-json\/wp\/v2\/posts\/896\/revisions"}],"wp:featuredmedia":[{"embeddable":true,"href":"https:\/\/gestaolegalnaadvocacia.com.br\/site\/wp-json\/wp\/v2\/media\/898"}],"wp:attachment":[{"href":"https:\/\/gestaolegalnaadvocacia.com.br\/site\/wp-json\/wp\/v2\/media?parent=896"}],"wp:term":[{"taxonomy":"category","embeddable":true,"href":"https:\/\/gestaolegalnaadvocacia.com.br\/site\/wp-json\/wp\/v2\/categories?post=896"},{"taxonomy":"post_tag","embeddable":true,"href":"https:\/\/gestaolegalnaadvocacia.com.br\/site\/wp-json\/wp\/v2\/tags?post=896"}],"curies":[{"name":"wp","href":"https:\/\/api.w.org\/{rel}","templated":true}]}}