{"id":1889,"date":"2018-05-23T14:33:47","date_gmt":"2018-05-23T14:33:47","guid":{"rendered":"http:\/\/gestaolegalnaadvocacia.com.br\/site\/?p=1889"},"modified":"2020-02-10T19:19:04","modified_gmt":"2020-02-10T19:19:04","slug":"reflexoes-sobre-a-privacidade-na-sociedade-da-informacao","status":"publish","type":"post","link":"https:\/\/gestaolegalnaadvocacia.com.br\/site\/reflexoes-sobre-a-privacidade-na-sociedade-da-informacao\/","title":{"rendered":"REFLEX\u00d5ES SOBRE A PRIVACIDADE NA SOCIEDADE DA INFORMA\u00c7\u00c3O"},"content":{"rendered":"<div>\n<p>O artigo aborda as mudan\u00e7as de paradigmas da privacidade na sociedade da informa\u00e7\u00e3o.\u00a0Buscou-se\u00a0contextualizar as mudan\u00e7as legislativas ocorridas nos \u00faltimos 10 anos relacionadas ao direito \u00e0 privacidade no cen\u00e1rio brasileiro (Constitui\u00e7\u00e3o Federal, do C\u00f3digo Civil e demais legisla\u00e7\u00f5es especiais).<\/p>\n<\/div>\n<p><a href=\"http:\/\/gestaolegalnaadvocacia.com.br\/site\/wp-content\/uploads\/2018\/05\/22564-104909-1-PB.pdf\">REFLEX\u00d5ES SOBRE A PRIVACIDADE NA SOCIEDADE DA INFORMA\u00c7\u00c3O <\/a><\/p>\n<p>Autora Ma. T\u00e2nia Calheiros.<\/p>\n<p>Co-autor Dr. Thalles Alexandre Takada.<\/p>\n<p>&nbsp;<\/p>\n<p>Fonte: <a href=\"http:\/\/www.uel.br\/revistas\/uel\/index.php\/infoprof\/article\/view\/22564\/17209\">UEL<\/a><\/p>\n","protected":false},"excerpt":{"rendered":"<p>O artigo aborda as mudan\u00e7as de paradigmas da privacidade na sociedade da informa\u00e7\u00e3o.\u00a0Buscou-se\u00a0contextualizar as mudan\u00e7as legislativas ocorridas nos \u00faltimos 10 anos relacionadas ao direito \u00e0 privacidade<span class=\"excerpt-hellip\"> [\u2026]<\/span><\/p>\n","protected":false},"author":3,"featured_media":1899,"comment_status":"open","ping_status":"open","sticky":false,"template":"","format":"standard","meta":{"_acf_changed":false,"footnotes":""},"categories":[5,4],"tags":[],"class_list":["post-1889","post","type-post","status-publish","format-standard","has-post-thumbnail","hentry","category-categoria-artigos","category-categoria-material-educativo"],"acf":[],"_links":{"self":[{"href":"https:\/\/gestaolegalnaadvocacia.com.br\/site\/wp-json\/wp\/v2\/posts\/1889","targetHints":{"allow":["GET"]}}],"collection":[{"href":"https:\/\/gestaolegalnaadvocacia.com.br\/site\/wp-json\/wp\/v2\/posts"}],"about":[{"href":"https:\/\/gestaolegalnaadvocacia.com.br\/site\/wp-json\/wp\/v2\/types\/post"}],"author":[{"embeddable":true,"href":"https:\/\/gestaolegalnaadvocacia.com.br\/site\/wp-json\/wp\/v2\/users\/3"}],"replies":[{"embeddable":true,"href":"https:\/\/gestaolegalnaadvocacia.com.br\/site\/wp-json\/wp\/v2\/comments?post=1889"}],"version-history":[{"count":0,"href":"https:\/\/gestaolegalnaadvocacia.com.br\/site\/wp-json\/wp\/v2\/posts\/1889\/revisions"}],"wp:featuredmedia":[{"embeddable":true,"href":"https:\/\/gestaolegalnaadvocacia.com.br\/site\/wp-json\/wp\/v2\/media\/1899"}],"wp:attachment":[{"href":"https:\/\/gestaolegalnaadvocacia.com.br\/site\/wp-json\/wp\/v2\/media?parent=1889"}],"wp:term":[{"taxonomy":"category","embeddable":true,"href":"https:\/\/gestaolegalnaadvocacia.com.br\/site\/wp-json\/wp\/v2\/categories?post=1889"},{"taxonomy":"post_tag","embeddable":true,"href":"https:\/\/gestaolegalnaadvocacia.com.br\/site\/wp-json\/wp\/v2\/tags?post=1889"}],"curies":[{"name":"wp","href":"https:\/\/api.w.org\/{rel}","templated":true}]}}